{"id":801,"date":"2026-08-31T20:56:08","date_gmt":"2026-08-31T19:56:08","guid":{"rendered":"https:\/\/dk.ostroleka.pl\/wp\/?p=801"},"modified":"2026-08-31T21:00:09","modified_gmt":"2026-08-31T20:00:09","slug":"informator-rejonu-klasztor-ix-2026","status":"publish","type":"post","link":"https:\/\/dk.ostroleka.pl\/wp\/informator-rejonu-klasztor-ix-2026\/","title":{"rendered":"Informator Rejonu Klasztor \u2013 IX-2026"},"content":{"rendered":"\n<ul class=\"wp-block-list\">\n<li><strong>05 wrze\u015bnia godz. 9:45<\/strong> &#8211; <strong>Powakacyjny Dzie\u0144 Wsp\u00f3lnoty i<\/strong> <strong>b\u0142ogos\u0142awie\u0144stwo animator\u00f3w.<\/strong> W programie:<br>09:45 &#8211; rozpocz\u0119cie przed Katedr\u0105 \u0141om\u017cy\u0144sk\u0105 ul.Sadowa 3<br>11:00 &#8211; \u015bwiadectwa<br>12:00 Eucharystia. Po Mszy \u015awi\u0119tej Agapa i zako\u0144czenie<\/li>\n<\/ul>\n\n\n\n<ul class=\"wp-block-list\">\n<li><strong>13 wrze\u015bnia<\/strong> g. 16:30 <strong>Msza \u015aw. w intencji rodzin Domowego Ko\u015bcio\u0142a<\/strong> w Parafii Zbawiciela \u015awiata.&nbsp; Po mszy zapraszamy na spotkanie w Sali \u015aw. Jana<\/li>\n\n\n\n<li><strong>15 wrze\u015bnia<\/strong> g. 18:00 \u2013 Kr\u0105g Rejonowy &#8211; zapraszamy wszystkich animator\u00f3w naszego rejonu \ud83d\ude0a \u2013 sala \u015aw. Jana przy Parafii Zbawiciela \u015awiata w Ostro\u0142\u0119ce<\/li>\n\n\n\n<li><strong>19 wrze\u015bnia<\/strong> Dzie\u0144 Jedno\u015bci w Ostrowi Mazowieckiej \u2013 Wsp\u00f3lnoty Si\u0142\u0105 i Nadziej\u0105 Ko\u015bcio\u0142a.<br><a href=\"https:\/\/www.facebook.com\/profile.php?id=100066337675885\" target=\"_blank\" rel=\"noopener\">https:\/\/www.facebook.com\/profile.php?id=100066337675885<\/a> <br><a href=\"https:\/\/centrumewangelizacji.pl\/wydarzenie\/dzien-jednosci\" target=\"_blank\" rel=\"noopener\">https:\/\/centrumewangelizacji.pl\/wydarzenie\/dzien-jednosci<\/a><\/li>\n<\/ul>\n\n\n\n<ul class=\"wp-block-list\">\n<li><strong>26 wrze\u015bnia<\/strong> \u2013 Krajowa Pielgrzymka Krucjaty Wyzwolenia Cz\u0142owieka KWC do Sanktuarium Matki Bo\u017cej Gietrzwa\u0142dzkiej \u2013 informacje i zapisy: <a href=\"https:\/\/kwc.oaza.pl\/\" target=\"_blank\" rel=\"noopener\">https:\/\/kwc.oaza.pl\/<\/a><\/li>\n\n\n\n<li>Pami\u0119tajmy o modlitwie w intencji beatyfikacji ks. F. Blachnickiego.<\/li>\n\n\n\n<li>Solenizantom i jubilatom obchodz\u0105cym swoje uroczysto\u015bci w&nbsp;bie\u017c\u0105cym miesi\u0105cu \u017cyczymy wielu \u0142ask, b\u0142ogos\u0142awie\u0144stwa Bo\u017cego i&nbsp;opieki Matki Bo\u017cej.&nbsp;&nbsp;&nbsp;&nbsp;&nbsp;<\/li>\n<\/ul>\n\n\n\n<p class=\"has-medium-font-size wp-block-paragraph\"><strong>Co nas czeka w pa\u017adzierniku ?<\/strong><\/p>\n\n\n\n<ul class=\"wp-block-list\">\n<li>11 pa\u017adziernika &#8211; Dzie\u0144 Wsp\u00f3lnoty Ruchu \u015awiat\u0142o \u2013 \u017bycie<\/li>\n\n\n\n<li><strong>Dzie\u0144 Skupienia dla Animator\u00f3w<\/strong><\/li>\n<\/ul>\n\n\n\n<p class=\"wp-block-paragraph\">Zach\u0119camy do planowania rekolekcji w nowym roku formacyjnym.<\/p>\n\n\n\n<p class=\"wp-block-paragraph\"><strong>TERMINY OAZY \u017bYWEGO KO\u015aCIO\u0141A 2027<\/strong><\/p>\n\n\n\n<p class=\"wp-block-paragraph\">Turnusy zimowe O\u017bK 2027 odpowiednio do termin\u00f3w ferii w wojew\u00f3dztwach<\/p>\n\n\n\n<p class=\"wp-block-paragraph\"><span style=\"text-decoration: underline;\">Turnusy wakacyjne:<\/span><\/p>\n\n\n\n<p class=\"wp-block-paragraph\">Turnus pierwszy \u00a0\u00a0\u00a0\u00a0\u00a0\u00a0\u00a0\u00a0\u00a0\u00a0\u00a0\u00a0\u00a0\u00a0\u00a0 29.06 &#8211; 15.07.2027<br>Turnus drugi\u00a0\u00a0\u00a0\u00a0\u00a0\u00a0\u00a0\u00a0\u00a0\u00a0\u00a0\u00a0\u00a0\u00a0\u00a0\u00a0\u00a0\u00a0\u00a0\u00a0\u00a0\u00a0\u00a0 16.07 &#8211; 01.08.202<br>Turnus trzeci \u00a0\u00a0\u00a0\u00a0\u00a0\u00a0\u00a0\u00a0\u00a0\u00a0\u00a0\u00a0\u00a0\u00a0\u00a0\u00a0\u00a0\u00a0\u00a0\u00a0\u00a0\u00a0 06.08 &#8211; 22.08.2025<\/p>\n\n\n\n<div class=\"wp-block-columns is-layout-flex wp-container-core-columns-is-layout-8f761849 wp-block-columns-is-layout-flex\">\n<div class=\"wp-block-column is-layout-flow wp-block-column-is-layout-flow\">\n<figure class=\"wp-block-image size-full\"><img loading=\"lazy\" decoding=\"async\" width=\"313\" height=\"442\" src=\"https:\/\/dk.ostroleka.pl\/wp\/wp-content\/uploads\/2026\/08\/image.png\" alt=\"\" class=\"wp-image-803\" srcset=\"https:\/\/dk.ostroleka.pl\/wp\/wp-content\/uploads\/2026\/08\/image.png 313w, https:\/\/dk.ostroleka.pl\/wp\/wp-content\/uploads\/2026\/08\/image-212x300.png 212w\" sizes=\"auto, (max-width: 313px) 85vw, 313px\" \/><\/figure>\n<\/div>\n\n\n\n<div class=\"wp-block-column is-layout-flow wp-block-column-is-layout-flow\">\n<figure class=\"wp-block-image size-full\"><img loading=\"lazy\" decoding=\"async\" width=\"316\" height=\"446\" src=\"https:\/\/dk.ostroleka.pl\/wp\/wp-content\/uploads\/2026\/08\/image-1.png\" alt=\"\" class=\"wp-image-804\" srcset=\"https:\/\/dk.ostroleka.pl\/wp\/wp-content\/uploads\/2026\/08\/image-1.png 316w, https:\/\/dk.ostroleka.pl\/wp\/wp-content\/uploads\/2026\/08\/image-1-213x300.png 213w\" sizes=\"auto, (max-width: 316px) 85vw, 316px\" \/><\/figure>\n<\/div>\n<\/div>\n","protected":false},"excerpt":{"rendered":"<p>Co nas czeka w pa\u017adzierniku ? Zach\u0119camy do planowania rekolekcji w nowym roku formacyjnym. TERMINY OAZY \u017bYWEGO KO\u015aCIO\u0141A 2027 Turnusy zimowe O\u017bK 2027 odpowiednio do termin\u00f3w ferii w wojew\u00f3dztwach Turnusy wakacyjne: Turnus pierwszy \u00a0\u00a0\u00a0\u00a0\u00a0\u00a0\u00a0\u00a0\u00a0\u00a0\u00a0\u00a0\u00a0\u00a0\u00a0 29.06 &#8211; 15.07.2027Turnus drugi\u00a0\u00a0\u00a0\u00a0\u00a0\u00a0\u00a0\u00a0\u00a0\u00a0\u00a0\u00a0\u00a0\u00a0\u00a0\u00a0\u00a0\u00a0\u00a0\u00a0\u00a0\u00a0\u00a0 16.07 &#8211; 01.08.202Turnus trzeci \u00a0\u00a0\u00a0\u00a0\u00a0\u00a0\u00a0\u00a0\u00a0\u00a0\u00a0\u00a0\u00a0\u00a0\u00a0\u00a0\u00a0\u00a0\u00a0\u00a0\u00a0\u00a0 06.08 &#8211; 22.08.2025<\/p>\n","protected":false},"author":1,"featured_media":513,"comment_status":"open","ping_status":"open","sticky":false,"template":"","format":"standard","meta":{"footnotes":""},"categories":[7],"tags":[],"class_list":["post-801","post","type-post","status-publish","format-standard","has-post-thumbnail","hentry","category-informator"],"_links":{"self":[{"href":"https:\/\/dk.ostroleka.pl\/wp\/wp-json\/wp\/v2\/posts\/801","targetHints":{"allow":["GET"]}}],"collection":[{"href":"https:\/\/dk.ostroleka.pl\/wp\/wp-json\/wp\/v2\/posts"}],"about":[{"href":"https:\/\/dk.ostroleka.pl\/wp\/wp-json\/wp\/v2\/types\/post"}],"author":[{"embeddable":true,"href":"https:\/\/dk.ostroleka.pl\/wp\/wp-json\/wp\/v2\/users\/1"}],"replies":[{"embeddable":true,"href":"https:\/\/dk.ostroleka.pl\/wp\/wp-json\/wp\/v2\/comments?post=801"}],"version-history":[{"count":3,"href":"https:\/\/dk.ostroleka.pl\/wp\/wp-json\/wp\/v2\/posts\/801\/revisions"}],"predecessor-version":[{"id":806,"href":"https:\/\/dk.ostroleka.pl\/wp\/wp-json\/wp\/v2\/posts\/801\/revisions\/806"}],"wp:featuredmedia":[{"embeddable":true,"href":"https:\/\/dk.ostroleka.pl\/wp\/wp-json\/wp\/v2\/media\/513"}],"wp:attachment":[{"href":"https:\/\/dk.ostroleka.pl\/wp\/wp-json\/wp\/v2\/media?parent=801"}],"wp:term":[{"taxonomy":"category","embeddable":true,"href":"https:\/\/dk.ostroleka.pl\/wp\/wp-json\/wp\/v2\/categories?post=801"},{"taxonomy":"post_tag","embeddable":true,"href":"https:\/\/dk.ostroleka.pl\/wp\/wp-json\/wp\/v2\/tags?post=801"}],"curies":[{"name":"wp","href":"https:\/\/api.w.org\/{rel}","templated":true}]}}