{"id":642,"date":"2026-01-30T10:46:34","date_gmt":"2026-01-30T09:46:34","guid":{"rendered":"https:\/\/dk.ostroleka.pl\/wp\/?p=642"},"modified":"2026-01-30T10:48:26","modified_gmt":"2026-01-30T09:48:26","slug":"informator-rejonu-klasztor-ii-2026","status":"publish","type":"post","link":"https:\/\/dk.ostroleka.pl\/wp\/informator-rejonu-klasztor-ii-2026\/","title":{"rendered":"Informator Rejonu Klasztor \u2013 II-2026"},"content":{"rendered":"\n<p><strong>04.02.2026 godz.18:00 <\/strong>Kr\u0105g Rejonowy \u2013 sala \u015aw. Jana w Parafii Zbawiciela \u015awiata.<br><strong>08.02.2026 godz. 16:30<\/strong> Msza \u015awi\u0119ta w intencji rodzin Domowego Ko\u015bcio\u0142a w parafii Zbawiciela \u015awiata.<br><strong>13-15.02.2026<\/strong> Walentynkowa Oaza Modlitwy &#8211; Wesele w Kanie Galilejskiej &#8211; &#8222;Mi\u0142o\u015b\u0107, kt\u00f3ra dojrzewa&#8221; Karcz\u00f3wka Kielce.<br>Karnawa\u0142owe Bale bezalkoholowe w terminie 14.02.2026:<\/p>\n\n\n\n<ul class=\"wp-block-list\">\n<li>\u0141om\u017ca \u2013 zapisy 506\u00a0086 696,<\/li>\n\n\n\n<li>Ostr\u00f3w Mazowiecka \u2013 zapisy 518\u00a0038 401,<\/li>\n\n\n\n<li>Wyszk\u00f3w \u2013 zapisy 576\u00a0454\u00a0646,<\/li>\n\n\n\n<li>Wysokie Mazowieckie \u2013 zapisy 696\u00a0047\u00a0932.<\/li>\n<\/ul>\n\n\n\n<p><strong>Co nas czeka w MARCU?<\/strong><\/p>\n\n\n\n<p>08.03.2026 Rejonowy Dzie\u0144 Wsp\u00f3lnoty Ruchu \u015awiat\u0142o \u2013 \u017bycie.<br>Pami\u0119tajmy o modlitwie w intencji beatyfikacji ks. F. Blachnickiego.<br>Solenizantom i jubilatom obchodz\u0105cym swoje uroczysto\u015bci w\u00a0bie\u017c\u0105cym miesi\u0105cu \u017cyczymy wielu \u0142ask, b\u0142ogos\u0142awie\u0144stwa Bo\u017cego i\u00a0opieki Matki Bo\u017cej.<\/p>\n\n\n\n<p>PLANOWANE OAZY \u017bYWEGO KO\u015aCIO\u0141A 2026<\/p>\n\n\n\n<p>Turnus pierwszy 27.06 &#8211; 13.07.2026 OR III st. Krak\u00f3w<br>Turnus drugi 19.07 &#8211; 27.07.2026 Rado\u015b\u0107 Zobowi\u0105za\u0144 Krynica Zdr\u00f3j<br>Turnus trzeci 07.08 \u2013 23.08.2026 OR I st. Zakopane. Zapisy 604&nbsp;858 597<\/p>\n","protected":false},"excerpt":{"rendered":"<p>04.02.2026 godz.18:00 Kr\u0105g Rejonowy \u2013 sala \u015aw. Jana w Parafii Zbawiciela \u015awiata.08.02.2026 godz. 16:30 Msza \u015awi\u0119ta w intencji rodzin Domowego Ko\u015bcio\u0142a w parafii Zbawiciela \u015awiata.13-15.02.2026 Walentynkowa Oaza Modlitwy &#8211; Wesele w Kanie Galilejskiej &#8211; &#8222;Mi\u0142o\u015b\u0107, kt\u00f3ra dojrzewa&#8221; Karcz\u00f3wka Kielce.Karnawa\u0142owe Bale bezalkoholowe w terminie 14.02.2026: Co nas czeka w MARCU? 08.03.2026 Rejonowy Dzie\u0144 Wsp\u00f3lnoty Ruchu \u015awiat\u0142o &hellip; <a href=\"https:\/\/dk.ostroleka.pl\/wp\/informator-rejonu-klasztor-ii-2026\/\" class=\"more-link\">Continue reading<span class=\"screen-reader-text\"> &#8222;Informator Rejonu Klasztor \u2013 II-2026&#8221;<\/span><\/a><\/p>\n","protected":false},"author":1,"featured_media":513,"comment_status":"open","ping_status":"open","sticky":false,"template":"","format":"standard","meta":{"footnotes":""},"categories":[7],"tags":[4,16,6],"class_list":["post-642","post","type-post","status-publish","format-standard","has-post-thumbnail","hentry","category-informator","tag-informator","tag-klasztor","tag-rejon"],"_links":{"self":[{"href":"https:\/\/dk.ostroleka.pl\/wp\/wp-json\/wp\/v2\/posts\/642","targetHints":{"allow":["GET"]}}],"collection":[{"href":"https:\/\/dk.ostroleka.pl\/wp\/wp-json\/wp\/v2\/posts"}],"about":[{"href":"https:\/\/dk.ostroleka.pl\/wp\/wp-json\/wp\/v2\/types\/post"}],"author":[{"embeddable":true,"href":"https:\/\/dk.ostroleka.pl\/wp\/wp-json\/wp\/v2\/users\/1"}],"replies":[{"embeddable":true,"href":"https:\/\/dk.ostroleka.pl\/wp\/wp-json\/wp\/v2\/comments?post=642"}],"version-history":[{"count":2,"href":"https:\/\/dk.ostroleka.pl\/wp\/wp-json\/wp\/v2\/posts\/642\/revisions"}],"predecessor-version":[{"id":644,"href":"https:\/\/dk.ostroleka.pl\/wp\/wp-json\/wp\/v2\/posts\/642\/revisions\/644"}],"wp:featuredmedia":[{"embeddable":true,"href":"https:\/\/dk.ostroleka.pl\/wp\/wp-json\/wp\/v2\/media\/513"}],"wp:attachment":[{"href":"https:\/\/dk.ostroleka.pl\/wp\/wp-json\/wp\/v2\/media?parent=642"}],"wp:term":[{"taxonomy":"category","embeddable":true,"href":"https:\/\/dk.ostroleka.pl\/wp\/wp-json\/wp\/v2\/categories?post=642"},{"taxonomy":"post_tag","embeddable":true,"href":"https:\/\/dk.ostroleka.pl\/wp\/wp-json\/wp\/v2\/tags?post=642"}],"curies":[{"name":"wp","href":"https:\/\/api.w.org\/{rel}","templated":true}]}}