{"id":241,"date":"2025-02-08T23:02:11","date_gmt":"2025-02-08T22:02:11","guid":{"rendered":"https:\/\/dk.ostroleka.pl\/wp\/?p=241"},"modified":"2025-02-08T23:26:46","modified_gmt":"2025-02-08T22:26:46","slug":"informator-rejonu-fara-ii-2025","status":"publish","type":"post","link":"https:\/\/dk.ostroleka.pl\/wp\/informator-rejonu-fara-ii-2025\/","title":{"rendered":"Informator Rejonu Fara &#8211; II-2025"},"content":{"rendered":"\n<p>Has\u0142o bie\u017c\u0105cego roku formacyjnego brzmi \u201ePowo\u0142ani do misji\u201d. Tom Forrest, kt\u00f3ry pierwszy podda\u0142 papie\u017cowi my\u015bl, by lata 90- te nazwa\u0107 \u201edekad\u0105 ewangelizacji\u201d, zwr\u00f3ci\u0142 uwag\u0119, \u017ce s\u0142owo i\u015b\u0107 (id\u017acie) pojawia si\u0119 w Biblii 1514 razy, 233 w Nowym Testamencie, a 54 w samej Ewangelii Mateusza. Jezus ka\u017ce nam \u201ei\u015b\u0107\u201d.<\/p>\n\n\n\n<ul class=\"wp-block-list\">\n<li>\u201eId\u017acie do zagubionych owiec\u2026\u201d<\/li>\n\n\n\n<li>\u201eId\u017acie i powiedzcie\u2026\u201d<\/li>\n\n\n\n<li>\u201eId\u017acie i zapro\u015bcie wszystkich, kt\u00f3rych spotkacie\u2026\u201d<\/li>\n\n\n\n<li>\u201eId\u017acie i czy\u0144cie uczniami\u2026\u201d<\/li>\n<\/ul>\n\n\n\n<blockquote class=\"wp-block-quote is-layout-flow wp-block-quote-is-layout-flow\">\n<p><em>Wtedy Jezus podszed\u0142 do nich i przem\u00f3wi\u0142 tymi s\u0142owami: \u00abDana Mi jest wszelka w\u0142adza w niebie i na ziemi.\u00a0\u00a0Id\u017acie wi\u0119c i nauczajcie wszystkie narody, udzielaj\u0105c im chrztu w imi\u0119 Ojca i Syna, i Ducha \u015awi\u0119tego.\u00a0\u00a0Uczcie je zachowywa\u0107 wszystko, co wam przykaza\u0142em. A oto Ja jestem z wami przez wszystkie dni, a\u017c do sko\u0144czenia \u015bwiata<\/em><\/p>\n<\/blockquote>\n\n\n\n<p>19 stycznia w Parafii p.w. \u015awi\u0119tego Ducha w Kadzidle mia\u0142a miejsce Niedziela z Domowym Ko\u015bcio\u0142em. Swoim \u015bwiadectwem \u017cycia wiar\u0105 i znaczeniem wsp\u00f3lnoty podzielili si\u0119 Beata i Andrzej Paszczyk, Ania i Adam Ziarno, Ewa i Grzegorz P\u0142ocha, Kasia i Mirek Grzyb oraz Agnieszka i Andrzej Rawa. Dzi\u0119kujemy za otwarto\u015b\u0107 i odwag\u0119. Ma\u0142\u017ce\u0144stwom z Kadzid\u0142a i\u00a0 \u0141ysych dzi\u0119kujemy za modlitw\u0119.<\/p>\n\n\n\n<p>W dniach 14-16 luty w Otwocku odb\u0119dzie si\u0119 Walentynkowa Oaza Modlitwy \u201eMi\u0142o\u015bci\u0105 O\u017cywieni\u201d. Informacja i zapisy <a href=\"https:\/\/dk.ostrolenka.pl\/rekolekcje\" target=\"_blank\" rel=\"noreferrer noopener\">dk.ostroleka.pl\/rekolekcje<\/a><\/p>\n\n\n\n<p>W \u0141om\u017cy w dniach 28-30 marca odb\u0119dzie si\u0119 Oaza Modlitwy \u201eDuch Pa\u0144ski spoczywa na mnie (\u2026) abym obwo\u0142ywa\u0142 rok \u0142aski od Pana\u201d. Rekolekcje poprowadzi ksi\u0105dz Z. Skuza.\u00a0 Informacje i zapisy pod numerem\u00a0 509\u00a0431\u00a0253.<\/p>\n\n\n\n<p>21-23 luty w\u00a0 Cz\u0119stochowie odb\u0119dzie si\u0119 50 Kongregacja Odpowiedzialnych Ruch \u015awiat\u0142o-\u017bycie.<\/p>\n\n\n\n<div class=\"wp-block-columns are-vertically-aligned-center is-layout-flex wp-container-core-columns-is-layout-9d6595d7 wp-block-columns-is-layout-flex\">\n<div class=\"wp-block-column is-vertically-aligned-center is-layout-flow wp-block-column-is-layout-flow\" style=\"flex-basis:100%\">\n<div class=\"wp-block-columns is-layout-flex wp-container-core-columns-is-layout-9d6595d7 wp-block-columns-is-layout-flex\">\n<div class=\"wp-block-column is-vertically-aligned-center is-layout-flow wp-block-column-is-layout-flow\" style=\"flex-basis:66.66%\">\n<p>Domowy Ko\u015bci\u00f3\u0142 rejon NNMP w Ostro\u0142\u0119ce i parafia Nawiedzenia Naj\u015bwi\u0119tszej Marii Panny (fara) w Ostro\u0142\u0119ce zapraszaj\u0105 1 marca 2025r. na godz. 18:00 do ko\u015bcio\u0142a Farnego w Ostro\u0142\u0119ce, gdzie odb\u0119dzie si\u0119 XV Wiecz\u00f3r Skupienia. Spotkanie odb\u0119dzie si\u0119 pod has\u0142em <em>\u201eJEZU Ufam Tobie\u201d<\/em>. Podczas tego wieczoru us\u0142yszymy \u015bwiadectwo zaufania Bogu, oddania mu ca\u0142ego \u017cycia oraz dzia\u0142ania Boga w \u017cyciu rodziny. Go\u015b\u0107mi, kt\u00f3rzy powiedz\u0105 \u015bwiadectwo, oraz zagraj\u0105 koncert b\u0119dzie zesp\u00f3\u0142 \u201eMOJA RODZINA\u201d.<\/p>\n<\/div>\n\n\n\n<div class=\"wp-block-column is-layout-flow wp-block-column-is-layout-flow\" style=\"flex-basis:33.33%\"><div class=\"wp-block-image\">\n<figure class=\"aligncenter is-resized\"><img loading=\"lazy\" decoding=\"async\" width=\"425\" height=\"512\" src=\"https:\/\/dk.ostroleka.pl\/wp\/wp-content\/uploads\/2025\/02\/moja_rodzina.jpg\" alt=\"\" class=\"wp-image-244\" style=\"width:250px\" srcset=\"https:\/\/dk.ostroleka.pl\/wp\/wp-content\/uploads\/2025\/02\/moja_rodzina.jpg 425w, https:\/\/dk.ostroleka.pl\/wp\/wp-content\/uploads\/2025\/02\/moja_rodzina-249x300.jpg 249w\" sizes=\"auto, (max-width: 425px) 85vw, 425px\" \/><\/figure>\n<\/div><\/div>\n<\/div>\n<\/div>\n<\/div>\n\n\n\n<p>Krucjata Wyzwolenia Cz\u0142owieka zaprasza na Msz\u0119 \u015awi\u0119ta w ka\u017cd\u0105 trzeci\u0105 niedziel\u0119 miesi\u0105ca o godz. 10:00 do Ko\u015bcio\u0142a Zbawiciela \u015awiata w Ostro\u0142\u0119ce. A po Mszy \u015awi\u0119tej na spotkanie.<\/p>\n\n\n\n<p>W dniu 16 marca odb\u0119dzie si\u0119 Dzie\u0144 Wsp\u00f3lnoty. Szczeg\u00f3\u0142owe informacje podamy w p\u00f3\u017aniejszym terminie. Ju\u017c dzisiaj warto sobie zarezerwowa\u0107 termin.<\/p>\n\n\n\n<p>7 marca o godz. 18:30 w sali Liceum Klasycznego odb\u0119dzie si\u0119 Kr\u0105g Rejonowy, na kt\u00f3ry zapraszamy animator\u00f3w kr\u0119g\u00f3w.<\/p>\n\n\n\n<p>O opraw\u0119 Mszy \u015awi\u0119tej i przygotowanie spotkania (9 marca) prosimy kr\u0105g XI &#8211; Agnieszka i Grzegorz Szyma\u0144scy.<\/p>\n\n\n\n<p>Dzi\u0119kujemy za zaproszenia &nbsp;na spotkania do kr\u0119g\u00f3w i czekamy na kolejne.<\/p>\n\n\n\n<p>Na stronie DK (<a href=\"https:\/\/www.dk.oaza.pl\/rekolekcje\/\" target=\"_blank\" rel=\"noreferrer noopener\">https:\/\/www.dk.oaza.pl\/rekolekcje\/ <\/a>) s\u0105 podane terminy rekolekcji. Warto zapozna\u0107 si\u0119 z bogat\u0105 propozycj\u0105 i znale\u017a\u0107 co\u015b dla siebie. W przypadku rekolekcji organizowanych przez nasz\u0105 diecezj\u0119 mamy mo\u017cliwo\u015b\u0107 uzyska\u0107 dofinansowanie.<\/p>\n\n\n\n<p>Solenizantom i jubilatom sk\u0142adamy najserdeczniejsze \u017cyczenia.<\/p>\n\n\n\n<p><\/p>\n","protected":false},"excerpt":{"rendered":"<p>Has\u0142o bie\u017c\u0105cego roku formacyjnego brzmi \u201ePowo\u0142ani do misji\u201d. Tom Forrest, kt\u00f3ry pierwszy podda\u0142 papie\u017cowi my\u015bl, by lata 90- te nazwa\u0107 \u201edekad\u0105 ewangelizacji\u201d, zwr\u00f3ci\u0142 uwag\u0119, \u017ce s\u0142owo i\u015b\u0107 (id\u017acie) pojawia si\u0119 w Biblii 1514 razy, 233 w Nowym Testamencie, a 54 w samej Ewangelii Mateusza. Jezus ka\u017ce nam \u201ei\u015b\u0107\u201d. Wtedy Jezus podszed\u0142 do nich i przem\u00f3wi\u0142 &hellip; <a href=\"https:\/\/dk.ostroleka.pl\/wp\/informator-rejonu-fara-ii-2025\/\" class=\"more-link\">Continue reading<span class=\"screen-reader-text\"> &#8222;Informator Rejonu Fara &#8211; II-2025&#8221;<\/span><\/a><\/p>\n","protected":false},"author":1,"featured_media":80,"comment_status":"open","ping_status":"open","sticky":false,"template":"","format":"standard","meta":{"footnotes":""},"categories":[7],"tags":[5,4,6],"class_list":["post-241","post","type-post","status-publish","format-standard","has-post-thumbnail","hentry","category-informator","tag-fara","tag-informator","tag-rejon"],"_links":{"self":[{"href":"https:\/\/dk.ostroleka.pl\/wp\/wp-json\/wp\/v2\/posts\/241","targetHints":{"allow":["GET"]}}],"collection":[{"href":"https:\/\/dk.ostroleka.pl\/wp\/wp-json\/wp\/v2\/posts"}],"about":[{"href":"https:\/\/dk.ostroleka.pl\/wp\/wp-json\/wp\/v2\/types\/post"}],"author":[{"embeddable":true,"href":"https:\/\/dk.ostroleka.pl\/wp\/wp-json\/wp\/v2\/users\/1"}],"replies":[{"embeddable":true,"href":"https:\/\/dk.ostroleka.pl\/wp\/wp-json\/wp\/v2\/comments?post=241"}],"version-history":[{"count":12,"href":"https:\/\/dk.ostroleka.pl\/wp\/wp-json\/wp\/v2\/posts\/241\/revisions"}],"predecessor-version":[{"id":260,"href":"https:\/\/dk.ostroleka.pl\/wp\/wp-json\/wp\/v2\/posts\/241\/revisions\/260"}],"wp:featuredmedia":[{"embeddable":true,"href":"https:\/\/dk.ostroleka.pl\/wp\/wp-json\/wp\/v2\/media\/80"}],"wp:attachment":[{"href":"https:\/\/dk.ostroleka.pl\/wp\/wp-json\/wp\/v2\/media?parent=241"}],"wp:term":[{"taxonomy":"category","embeddable":true,"href":"https:\/\/dk.ostroleka.pl\/wp\/wp-json\/wp\/v2\/categories?post=241"},{"taxonomy":"post_tag","embeddable":true,"href":"https:\/\/dk.ostroleka.pl\/wp\/wp-json\/wp\/v2\/tags?post=241"}],"curies":[{"name":"wp","href":"https:\/\/api.w.org\/{rel}","templated":true}]}}